{"id":6172,"date":"2022-10-31T12:04:51","date_gmt":"2022-10-31T11:04:51","guid":{"rendered":"https:\/\/www.camping-cevennes.info\/unkategorisiert\/promotion-locations-debut-juillet-fin-aout\/"},"modified":"2022-11-16T10:54:35","modified_gmt":"2022-11-16T09:54:35","slug":"promotion-locations-debut-juillet-fin-aout","status":"publish","type":"post","link":"https:\/\/www.camping-cevennes.info\/de\/unkategorisiert\/promotion-locations-debut-juillet-fin-aout\/","title":{"rendered":"CLASSEMENT ADAC 2019"},"content":{"rendered":"<section id=\"ls-section-block_2be2e36168b93bb171e027312b0fc130\" class=\"ls-section \" >\n        <div class=\"container container--wide\">\n        \n\n<h1 class=\"ls-heading wp-block-heading\">Anerkannte von ADAC bis 2019<\/h1>\n\n\n\n<p class=\"ls-paragraph\">Der renommierte deutsche Automobilclub ADAC besitzt mehrere Reiseveranstalter und ver\u00f6ffentlicht die deutsche Zeitschrift zu den meisten Ziehungen.<br>Die Website der Vereinigung erh\u00e4lt j\u00e4hrlich \u00fcber hunderttausend Besuche.<\/p>\n\n\n\n<p class=\"ls-paragraph\"><br>Der ADAC, eine wichtige Organisation in Deutschland, weist seine Inspektoren an, die Campingpl\u00e4tze in Europa durch sehr strenge Pr\u00fcfungen zu bewerten.<br>Die Bewertung durch den ADAC ist eine prestigetr\u00e4chtige Qualit\u00e4tsgarantie f\u00fcr einen Campingplatz. Es behandelt vollst\u00e4ndige und genaue Kriterien.<br>Vom ADAC werden die Anzahl und die Qualit\u00e4t der sanit\u00e4ren Einrichtungen, die allgemeine Einstellung und deren Komfort (Oberfl\u00e4che, Privatsph\u00e4re, Wartung), die Pr\u00e4senz und die Qualit\u00e4t von Gesch\u00e4ften und Restaurants sowie Badepl\u00e4tze bewertet (Teich, Fluss als Wasserraum) und schlie\u00dflich die Anzahl und Qualit\u00e4t der Ger\u00e4te und Einrichtungen der Entspannung.<br>Bei der Bewertung der sanit\u00e4ren Anlagen und Standorte wird das Endergebnis st\u00e4rker als bei den anderen Kriterien ber\u00fccksichtigt: 40% der Sanit\u00e4rnotiz und 25% der Standorte. Wir sind stolz darauf, jedes Jahr von einem so starken Einflussverband hervorragende Noten zu erhalten.<br>Auch in diesem Jahr haben die ADAC-Inspektoren die Verf\u00fcgbarkeit, die Anzahl unserer Toiletten und die Umgebung unseres Landes mit einer ausgezeichneten Bewertung bewertet.<\/p>\n\n\n\n<p class=\"ls-paragraph\">Wieder einmal hat der AADAC-F\u00fchrer den Campingplatz mas de la cam mit 4,5 von 5 Sternen klassifiziert!<\/p>\n\n\n    <\/div>\n<\/section>","protected":false},"excerpt":{"rendered":"","protected":false},"author":1,"featured_media":3951,"comment_status":"closed","ping_status":"closed","sticky":false,"template":"","format":"standard","meta":{"_acf_changed":false,"footnotes":""},"categories":[4],"tags":[],"sujet":[],"class_list":["post-6172","post","type-post","status-publish","format-standard","has-post-thumbnail","hentry","category-unkategorisiert"],"acf":[],"yoast_head":"<!-- This site is optimized with the Yoast SEO plugin v25.3 - https:\/\/yoast.com\/wordpress\/plugins\/seo\/ -->\n<title>ANWB-Ranking 2019 | Camping Mas de la Cam ANWB-Ranking<\/title>\n<meta name=\"description\" content=\"Der Campingplatz Le Mas de la Cam ist Teil der ANWB-Klassifizierung\" \/>\n<meta name=\"robots\" content=\"index, follow, max-snippet:-1, max-image-preview:large, max-video-preview:-1\" \/>\n<link rel=\"canonical\" href=\"https:\/\/www.camping-cevennes.info\/de\/unkategorisiert\/promotion-locations-debut-juillet-fin-aout\/\" \/>\n<meta property=\"og:locale\" content=\"de_DE\" \/>\n<meta property=\"og:type\" content=\"article\" \/>\n<meta property=\"og:title\" content=\"ANWB-Ranking 2019 | Camping Mas de la Cam ANWB-Ranking\" \/>\n<meta property=\"og:description\" content=\"Der Campingplatz Le Mas de la Cam ist Teil der ANWB-Klassifizierung\" \/>\n<meta property=\"og:url\" content=\"https:\/\/www.camping-cevennes.info\/de\/unkategorisiert\/promotion-locations-debut-juillet-fin-aout\/\" \/>\n<meta property=\"og:site_name\" content=\"Camping Mas de la Cam\" \/>\n<meta property=\"article:published_time\" content=\"2022-10-31T11:04:51+00:00\" \/>\n<meta property=\"article:modified_time\" content=\"2022-11-16T09:54:35+00:00\" \/>\n<meta property=\"og:image\" content=\"https:\/\/www.camping-cevennes.info\/wp-content\/uploads\/2022\/10\/class-adac.jpg\" \/>\n\t<meta property=\"og:image:width\" content=\"1920\" \/>\n\t<meta property=\"og:image:height\" content=\"720\" \/>\n\t<meta property=\"og:image:type\" content=\"image\/jpeg\" \/>\n<meta name=\"author\" content=\"@dmin64\" \/>\n<meta name=\"twitter:card\" content=\"summary_large_image\" \/>\n<meta name=\"twitter:label1\" content=\"Verfasst von\" \/>\n\t<meta name=\"twitter:data1\" content=\"@dmin64\" \/>\n\t<meta name=\"twitter:label2\" content=\"Gesch\u00e4tzte Lesezeit\" \/>\n\t<meta name=\"twitter:data2\" content=\"2\u00a0Minuten\" \/>\n<script type=\"application\/ld+json\" class=\"yoast-schema-graph\">{\"@context\":\"https:\/\/schema.org\",\"@graph\":[{\"@type\":\"Article\",\"@id\":\"https:\/\/www.camping-cevennes.info\/de\/unkategorisiert\/promotion-locations-debut-juillet-fin-aout\/#article\",\"isPartOf\":{\"@id\":\"https:\/\/www.camping-cevennes.info\/de\/unkategorisiert\/promotion-locations-debut-juillet-fin-aout\/\"},\"author\":{\"name\":\"@dmin64\",\"@id\":\"https:\/\/www.camping-cevennes.info\/de\/#\/schema\/person\/d5377ef6c41979717f3abef393367f4a\"},\"headline\":\"CLASSEMENT ADAC 2019\",\"datePublished\":\"2022-10-31T11:04:51+00:00\",\"dateModified\":\"2022-11-16T09:54:35+00:00\",\"mainEntityOfPage\":{\"@id\":\"https:\/\/www.camping-cevennes.info\/de\/unkategorisiert\/promotion-locations-debut-juillet-fin-aout\/\"},\"wordCount\":221,\"publisher\":{\"@id\":\"https:\/\/www.camping-cevennes.info\/de\/#organization\"},\"image\":{\"@id\":\"https:\/\/www.camping-cevennes.info\/de\/unkategorisiert\/promotion-locations-debut-juillet-fin-aout\/#primaryimage\"},\"thumbnailUrl\":\"https:\/\/www.camping-cevennes.info\/wp-content\/uploads\/2022\/10\/class-adac.jpg\",\"articleSection\":[\"Unkategorisiert\"],\"inLanguage\":\"de\"},{\"@type\":\"WebPage\",\"@id\":\"https:\/\/www.camping-cevennes.info\/de\/unkategorisiert\/promotion-locations-debut-juillet-fin-aout\/\",\"url\":\"https:\/\/www.camping-cevennes.info\/de\/unkategorisiert\/promotion-locations-debut-juillet-fin-aout\/\",\"name\":\"ANWB-Ranking 2019 | Camping Mas de la Cam ANWB-Ranking\",\"isPartOf\":{\"@id\":\"https:\/\/www.camping-cevennes.info\/de\/#website\"},\"primaryImageOfPage\":{\"@id\":\"https:\/\/www.camping-cevennes.info\/de\/unkategorisiert\/promotion-locations-debut-juillet-fin-aout\/#primaryimage\"},\"image\":{\"@id\":\"https:\/\/www.camping-cevennes.info\/de\/unkategorisiert\/promotion-locations-debut-juillet-fin-aout\/#primaryimage\"},\"thumbnailUrl\":\"https:\/\/www.camping-cevennes.info\/wp-content\/uploads\/2022\/10\/class-adac.jpg\",\"datePublished\":\"2022-10-31T11:04:51+00:00\",\"dateModified\":\"2022-11-16T09:54:35+00:00\",\"description\":\"Der Campingplatz Le Mas de la Cam ist Teil der ANWB-Klassifizierung\",\"breadcrumb\":{\"@id\":\"https:\/\/www.camping-cevennes.info\/de\/unkategorisiert\/promotion-locations-debut-juillet-fin-aout\/#breadcrumb\"},\"inLanguage\":\"de\",\"potentialAction\":[{\"@type\":\"ReadAction\",\"target\":[\"https:\/\/www.camping-cevennes.info\/de\/unkategorisiert\/promotion-locations-debut-juillet-fin-aout\/\"]}]},{\"@type\":\"ImageObject\",\"inLanguage\":\"de\",\"@id\":\"https:\/\/www.camping-cevennes.info\/de\/unkategorisiert\/promotion-locations-debut-juillet-fin-aout\/#primaryimage\",\"url\":\"https:\/\/www.camping-cevennes.info\/wp-content\/uploads\/2022\/10\/class-adac.jpg\",\"contentUrl\":\"https:\/\/www.camping-cevennes.info\/wp-content\/uploads\/2022\/10\/class-adac.jpg\",\"width\":1920,\"height\":720,\"caption\":\"classment adac 2019\"},{\"@type\":\"BreadcrumbList\",\"@id\":\"https:\/\/www.camping-cevennes.info\/de\/unkategorisiert\/promotion-locations-debut-juillet-fin-aout\/#breadcrumb\",\"itemListElement\":[{\"@type\":\"ListItem\",\"position\":1,\"name\":\"Campingplatz C\u00e9vennes\",\"item\":\"https:\/\/www.camping-cevennes.info\/de\/\"},{\"@type\":\"ListItem\",\"position\":2,\"name\":\"Unkategorisiert\",\"item\":\"https:\/\/www.camping-cevennes.info\/de\/unkategorisiert\/\"},{\"@type\":\"ListItem\",\"position\":3,\"name\":\"Classement ADAC 2019\"}]},{\"@type\":\"WebSite\",\"@id\":\"https:\/\/www.camping-cevennes.info\/de\/#website\",\"url\":\"https:\/\/www.camping-cevennes.info\/de\/\",\"name\":\"Camping Mas de la Cam\",\"description\":\"\",\"publisher\":{\"@id\":\"https:\/\/www.camping-cevennes.info\/de\/#organization\"},\"potentialAction\":[{\"@type\":\"SearchAction\",\"target\":{\"@type\":\"EntryPoint\",\"urlTemplate\":\"https:\/\/www.camping-cevennes.info\/de\/?s={search_term_string}\"},\"query-input\":{\"@type\":\"PropertyValueSpecification\",\"valueRequired\":true,\"valueName\":\"search_term_string\"}}],\"inLanguage\":\"de\"},{\"@type\":\"Organization\",\"@id\":\"https:\/\/www.camping-cevennes.info\/de\/#organization\",\"name\":\"Camping Mas de la Cam\",\"url\":\"https:\/\/www.camping-cevennes.info\/de\/\",\"logo\":{\"@type\":\"ImageObject\",\"inLanguage\":\"de\",\"@id\":\"https:\/\/www.camping-cevennes.info\/de\/#\/schema\/logo\/image\/\",\"url\":\"https:\/\/www.camping-cevennes.info\/wp-content\/uploads\/2022\/09\/logo-camping-mas-de-la-cam-noir-1.png\",\"contentUrl\":\"https:\/\/www.camping-cevennes.info\/wp-content\/uploads\/2022\/09\/logo-camping-mas-de-la-cam-noir-1.png\",\"width\":625,\"height\":190,\"caption\":\"Camping Mas de la Cam\"},\"image\":{\"@id\":\"https:\/\/www.camping-cevennes.info\/de\/#\/schema\/logo\/image\/\"}},{\"@type\":\"Person\",\"@id\":\"https:\/\/www.camping-cevennes.info\/de\/#\/schema\/person\/d5377ef6c41979717f3abef393367f4a\",\"name\":\"@dmin64\",\"image\":{\"@type\":\"ImageObject\",\"inLanguage\":\"de\",\"@id\":\"https:\/\/www.camping-cevennes.info\/de\/#\/schema\/person\/image\/\",\"url\":\"https:\/\/secure.gravatar.com\/avatar\/c139ef583a0e65260f6808f5628e6eca9fa8608b06e80bc14d5c39d32af667ca?s=96&d=mm&r=g\",\"contentUrl\":\"https:\/\/secure.gravatar.com\/avatar\/c139ef583a0e65260f6808f5628e6eca9fa8608b06e80bc14d5c39d32af667ca?s=96&d=mm&r=g\",\"caption\":\"@dmin64\"},\"sameAs\":[\"https:\/\/www.camping-cevennes.info\"],\"url\":\"https:\/\/www.camping-cevennes.info\/de\/author\/dmin64\/\"}]}<\/script>\n<!-- \/ Yoast SEO plugin. -->","yoast_head_json":{"title":"ANWB-Ranking 2019 | Camping Mas de la Cam ANWB-Ranking","description":"Der Campingplatz Le Mas de la Cam ist Teil der ANWB-Klassifizierung","robots":{"index":"index","follow":"follow","max-snippet":"max-snippet:-1","max-image-preview":"max-image-preview:large","max-video-preview":"max-video-preview:-1"},"canonical":"https:\/\/www.camping-cevennes.info\/de\/unkategorisiert\/promotion-locations-debut-juillet-fin-aout\/","og_locale":"de_DE","og_type":"article","og_title":"ANWB-Ranking 2019 | Camping Mas de la Cam ANWB-Ranking","og_description":"Der Campingplatz Le Mas de la Cam ist Teil der ANWB-Klassifizierung","og_url":"https:\/\/www.camping-cevennes.info\/de\/unkategorisiert\/promotion-locations-debut-juillet-fin-aout\/","og_site_name":"Camping Mas de la Cam","article_published_time":"2022-10-31T11:04:51+00:00","article_modified_time":"2022-11-16T09:54:35+00:00","og_image":[{"width":1920,"height":720,"url":"https:\/\/www.camping-cevennes.info\/wp-content\/uploads\/2022\/10\/class-adac.jpg","type":"image\/jpeg"}],"author":"@dmin64","twitter_card":"summary_large_image","twitter_misc":{"Verfasst von":"@dmin64","Gesch\u00e4tzte Lesezeit":"2\u00a0Minuten"},"schema":{"@context":"https:\/\/schema.org","@graph":[{"@type":"Article","@id":"https:\/\/www.camping-cevennes.info\/de\/unkategorisiert\/promotion-locations-debut-juillet-fin-aout\/#article","isPartOf":{"@id":"https:\/\/www.camping-cevennes.info\/de\/unkategorisiert\/promotion-locations-debut-juillet-fin-aout\/"},"author":{"name":"@dmin64","@id":"https:\/\/www.camping-cevennes.info\/de\/#\/schema\/person\/d5377ef6c41979717f3abef393367f4a"},"headline":"CLASSEMENT ADAC 2019","datePublished":"2022-10-31T11:04:51+00:00","dateModified":"2022-11-16T09:54:35+00:00","mainEntityOfPage":{"@id":"https:\/\/www.camping-cevennes.info\/de\/unkategorisiert\/promotion-locations-debut-juillet-fin-aout\/"},"wordCount":221,"publisher":{"@id":"https:\/\/www.camping-cevennes.info\/de\/#organization"},"image":{"@id":"https:\/\/www.camping-cevennes.info\/de\/unkategorisiert\/promotion-locations-debut-juillet-fin-aout\/#primaryimage"},"thumbnailUrl":"https:\/\/www.camping-cevennes.info\/wp-content\/uploads\/2022\/10\/class-adac.jpg","articleSection":["Unkategorisiert"],"inLanguage":"de"},{"@type":"WebPage","@id":"https:\/\/www.camping-cevennes.info\/de\/unkategorisiert\/promotion-locations-debut-juillet-fin-aout\/","url":"https:\/\/www.camping-cevennes.info\/de\/unkategorisiert\/promotion-locations-debut-juillet-fin-aout\/","name":"ANWB-Ranking 2019 | Camping Mas de la Cam ANWB-Ranking","isPartOf":{"@id":"https:\/\/www.camping-cevennes.info\/de\/#website"},"primaryImageOfPage":{"@id":"https:\/\/www.camping-cevennes.info\/de\/unkategorisiert\/promotion-locations-debut-juillet-fin-aout\/#primaryimage"},"image":{"@id":"https:\/\/www.camping-cevennes.info\/de\/unkategorisiert\/promotion-locations-debut-juillet-fin-aout\/#primaryimage"},"thumbnailUrl":"https:\/\/www.camping-cevennes.info\/wp-content\/uploads\/2022\/10\/class-adac.jpg","datePublished":"2022-10-31T11:04:51+00:00","dateModified":"2022-11-16T09:54:35+00:00","description":"Der Campingplatz Le Mas de la Cam ist Teil der ANWB-Klassifizierung","breadcrumb":{"@id":"https:\/\/www.camping-cevennes.info\/de\/unkategorisiert\/promotion-locations-debut-juillet-fin-aout\/#breadcrumb"},"inLanguage":"de","potentialAction":[{"@type":"ReadAction","target":["https:\/\/www.camping-cevennes.info\/de\/unkategorisiert\/promotion-locations-debut-juillet-fin-aout\/"]}]},{"@type":"ImageObject","inLanguage":"de","@id":"https:\/\/www.camping-cevennes.info\/de\/unkategorisiert\/promotion-locations-debut-juillet-fin-aout\/#primaryimage","url":"https:\/\/www.camping-cevennes.info\/wp-content\/uploads\/2022\/10\/class-adac.jpg","contentUrl":"https:\/\/www.camping-cevennes.info\/wp-content\/uploads\/2022\/10\/class-adac.jpg","width":1920,"height":720,"caption":"classment adac 2019"},{"@type":"BreadcrumbList","@id":"https:\/\/www.camping-cevennes.info\/de\/unkategorisiert\/promotion-locations-debut-juillet-fin-aout\/#breadcrumb","itemListElement":[{"@type":"ListItem","position":1,"name":"Campingplatz C\u00e9vennes","item":"https:\/\/www.camping-cevennes.info\/de\/"},{"@type":"ListItem","position":2,"name":"Unkategorisiert","item":"https:\/\/www.camping-cevennes.info\/de\/unkategorisiert\/"},{"@type":"ListItem","position":3,"name":"Classement ADAC 2019"}]},{"@type":"WebSite","@id":"https:\/\/www.camping-cevennes.info\/de\/#website","url":"https:\/\/www.camping-cevennes.info\/de\/","name":"Camping Mas de la Cam","description":"","publisher":{"@id":"https:\/\/www.camping-cevennes.info\/de\/#organization"},"potentialAction":[{"@type":"SearchAction","target":{"@type":"EntryPoint","urlTemplate":"https:\/\/www.camping-cevennes.info\/de\/?s={search_term_string}"},"query-input":{"@type":"PropertyValueSpecification","valueRequired":true,"valueName":"search_term_string"}}],"inLanguage":"de"},{"@type":"Organization","@id":"https:\/\/www.camping-cevennes.info\/de\/#organization","name":"Camping Mas de la Cam","url":"https:\/\/www.camping-cevennes.info\/de\/","logo":{"@type":"ImageObject","inLanguage":"de","@id":"https:\/\/www.camping-cevennes.info\/de\/#\/schema\/logo\/image\/","url":"https:\/\/www.camping-cevennes.info\/wp-content\/uploads\/2022\/09\/logo-camping-mas-de-la-cam-noir-1.png","contentUrl":"https:\/\/www.camping-cevennes.info\/wp-content\/uploads\/2022\/09\/logo-camping-mas-de-la-cam-noir-1.png","width":625,"height":190,"caption":"Camping Mas de la Cam"},"image":{"@id":"https:\/\/www.camping-cevennes.info\/de\/#\/schema\/logo\/image\/"}},{"@type":"Person","@id":"https:\/\/www.camping-cevennes.info\/de\/#\/schema\/person\/d5377ef6c41979717f3abef393367f4a","name":"@dmin64","image":{"@type":"ImageObject","inLanguage":"de","@id":"https:\/\/www.camping-cevennes.info\/de\/#\/schema\/person\/image\/","url":"https:\/\/secure.gravatar.com\/avatar\/c139ef583a0e65260f6808f5628e6eca9fa8608b06e80bc14d5c39d32af667ca?s=96&d=mm&r=g","contentUrl":"https:\/\/secure.gravatar.com\/avatar\/c139ef583a0e65260f6808f5628e6eca9fa8608b06e80bc14d5c39d32af667ca?s=96&d=mm&r=g","caption":"@dmin64"},"sameAs":["https:\/\/www.camping-cevennes.info"],"url":"https:\/\/www.camping-cevennes.info\/de\/author\/dmin64\/"}]}},"_links":{"self":[{"href":"https:\/\/www.camping-cevennes.info\/de\/wp-json\/wp\/v2\/posts\/6172","targetHints":{"allow":["GET"]}}],"collection":[{"href":"https:\/\/www.camping-cevennes.info\/de\/wp-json\/wp\/v2\/posts"}],"about":[{"href":"https:\/\/www.camping-cevennes.info\/de\/wp-json\/wp\/v2\/types\/post"}],"author":[{"embeddable":true,"href":"https:\/\/www.camping-cevennes.info\/de\/wp-json\/wp\/v2\/users\/1"}],"replies":[{"embeddable":true,"href":"https:\/\/www.camping-cevennes.info\/de\/wp-json\/wp\/v2\/comments?post=6172"}],"version-history":[{"count":3,"href":"https:\/\/www.camping-cevennes.info\/de\/wp-json\/wp\/v2\/posts\/6172\/revisions"}],"predecessor-version":[{"id":6350,"href":"https:\/\/www.camping-cevennes.info\/de\/wp-json\/wp\/v2\/posts\/6172\/revisions\/6350"}],"wp:featuredmedia":[{"embeddable":true,"href":"https:\/\/www.camping-cevennes.info\/de\/wp-json\/wp\/v2\/media\/3951"}],"wp:attachment":[{"href":"https:\/\/www.camping-cevennes.info\/de\/wp-json\/wp\/v2\/media?parent=6172"}],"wp:term":[{"taxonomy":"category","embeddable":true,"href":"https:\/\/www.camping-cevennes.info\/de\/wp-json\/wp\/v2\/categories?post=6172"},{"taxonomy":"post_tag","embeddable":true,"href":"https:\/\/www.camping-cevennes.info\/de\/wp-json\/wp\/v2\/tags?post=6172"},{"taxonomy":"sujet","embeddable":true,"href":"https:\/\/www.camping-cevennes.info\/de\/wp-json\/wp\/v2\/sujet?post=6172"}],"curies":[{"name":"wp","href":"https:\/\/api.w.org\/{rel}","templated":true}]}}